{"id":990,"date":"2013-03-04T19:41:34","date_gmt":"2013-03-04T18:41:34","guid":{"rendered":"http:\/\/francoismuerner.ch\/?p=990"},"modified":"2013-03-13T19:46:24","modified_gmt":"2013-03-13T18:46:24","slug":"bye-bye-2","status":"publish","type":"post","link":"https:\/\/francoismuerner.ch\/?p=990","title":{"rendered":"Bye Bye"},"content":{"rendered":"<p><a href=\"http:\/\/francoismuerner.ch\/wordpress\/wp-content\/uploads\/2013\/02\/FM-Fran\u00e7ois-M\u00fcrner-2013_2_Mail.jpg\"><img loading=\"lazy\" decoding=\"async\" class=\"alignnone size-thumbnail wp-image-232\" style=\"width: 111px;\" alt=\"FM Fran\u00e7ois M\u00fcrner 2013_2_Mail\" src=\"http:\/\/francoismuerner.ch\/wordpress\/wp-content\/uploads\/2013\/02\/FM-Fran\u00e7ois-M\u00fcrner-2013_2_Mail-150x150.jpg\" width=\"144\" height=\"118\" \/><\/a>\u00a0\u00a0\u00a0 <strong>Bye Bye Studio ZH\u00a0 &#8211;\u00a0 Bye Bye SRF\u00a0 &#8211;\u00a0 Hallo Studio FM<\/strong><\/p>\n<p>Hi Guys<\/p>\n<p>Ab dem 6. M\u00e4rz 2013 bin ich nicht mehr in den Studios von SRF unterwegs. Weg von Radio SRF 3, Radio SRF 1, Radio SRF Virus, Radio SRF Musikwelle und wie sie alle heissen. Weg von der Teppich-Etage ohne Teppich im von mir heiss geliebten Radio-Tower in Z\u00fcrich mit all den grossartigen Kumpels. Es zieht mich zur\u00fcck zu meinen Wurzeln.<\/p>\n<p>Alles begann in einem kleinen Studio in London: zwei Revox Bandger\u00e4te, ein 4-Spur TEAC, 12-Kanal-Mischpult, coole Instant-Start-Russco-Turntables, eine Cart-Maschine.<\/p>\n<p><a href=\"http:\/\/francoismuerner.ch\/wordpress\/wp-content\/uploads\/2013\/02\/FM-London-1978.jpg\"><img loading=\"lazy\" decoding=\"async\" class=\"alignnone size-thumbnail wp-image-788\" style=\"width: 154px;\" alt=\"FM London 1978\" src=\"http:\/\/francoismuerner.ch\/wordpress\/wp-content\/uploads\/2013\/02\/FM-London-1978-150x150.jpg\" width=\"94\" height=\"114\" \/><\/a><\/p>\n<p>Heute reicht Computer-Power, Pro-Tools, eine M-Box, ein gutes Mikrofon, gute Monitore und (da freu ich mich echt drauf) Adobe Premiere Pro CS6 f\u00fcr Video.<\/p>\n<p>Hier bin ich also ab dem 6. M\u00e4rz 2013 in meinem brandneuen, guten, kleinen Bijou von einem Studio &#8230;&#8230;. und mache zuerst einmal ein paar Monate &#8230;&#8230;. nichts.<\/p>\n<p>OK, fast nichts.<\/p>\n<p>Ab M\u00e4rz 2014, ca. in einem Jahr, werde ich wieder auftauchen. Ab dann bin ich punktuell f\u00fcr witzige, kreative, spannende Projekte zu haben.<\/p>\n<p>Bis dann tsch\u00fcss. Was ihr auch immer macht, macht es gut und mit viel Spass!<\/p>\n<p>Herzlich.<\/p>\n<p>FM<\/p>\n","protected":false},"excerpt":{"rendered":"<p>\u00a0\u00a0\u00a0 Bye Bye Studio ZH\u00a0 &#8211;\u00a0 Bye Bye SRF\u00a0 &#8211;\u00a0 Hallo Studio FM Hi Guys Ab dem 6. M\u00e4rz 2013 bin ich nicht mehr in den Studios von SRF unterwegs. Weg von Radio SRF 3, Radio SRF 1, Radio SRF Virus, Radio SRF Musikwelle und wie sie alle heissen. Weg von der Teppich-Etage ohne Teppich im von mir heiss geliebten Radio-Tower in Z\u00fcrich mit all den grossartigen Kumpels. Es zieht mich zur\u00fcck zu meinen Wurzeln. Alles begann in einem kleinen Studio in London: zwei Revox Bandger\u00e4te, ein 4-Spur TEAC, 12-Kanal-Mischpult, coole Instant-Start-Russco-Turntables, eine Cart-Maschine. Heute reicht Computer-Power, Pro-Tools, eine M-Box, ein gutes Mikrofon, gute Monitore und (da freu ich mich &hellip; <a href=\"https:\/\/francoismuerner.ch\/?p=990\">Continue reading <span class=\"meta-nav\">&rarr;<\/span><\/a><\/p>\n","protected":false},"author":1,"featured_media":0,"comment_status":"closed","ping_status":"closed","sticky":false,"template":"","format":"standard","meta":{"ngg_post_thumbnail":0,"footnotes":""},"categories":[1],"tags":[],"class_list":["post-990","post","type-post","status-publish","format-standard","hentry","category-uncategorized"],"_links":{"self":[{"href":"https:\/\/francoismuerner.ch\/index.php?rest_route=\/wp\/v2\/posts\/990","targetHints":{"allow":["GET"]}}],"collection":[{"href":"https:\/\/francoismuerner.ch\/index.php?rest_route=\/wp\/v2\/posts"}],"about":[{"href":"https:\/\/francoismuerner.ch\/index.php?rest_route=\/wp\/v2\/types\/post"}],"author":[{"embeddable":true,"href":"https:\/\/francoismuerner.ch\/index.php?rest_route=\/wp\/v2\/users\/1"}],"replies":[{"embeddable":true,"href":"https:\/\/francoismuerner.ch\/index.php?rest_route=%2Fwp%2Fv2%2Fcomments&post=990"}],"version-history":[{"count":5,"href":"https:\/\/francoismuerner.ch\/index.php?rest_route=\/wp\/v2\/posts\/990\/revisions"}],"predecessor-version":[{"id":996,"href":"https:\/\/francoismuerner.ch\/index.php?rest_route=\/wp\/v2\/posts\/990\/revisions\/996"}],"wp:attachment":[{"href":"https:\/\/francoismuerner.ch\/index.php?rest_route=%2Fwp%2Fv2%2Fmedia&parent=990"}],"wp:term":[{"taxonomy":"category","embeddable":true,"href":"https:\/\/francoismuerner.ch\/index.php?rest_route=%2Fwp%2Fv2%2Fcategories&post=990"},{"taxonomy":"post_tag","embeddable":true,"href":"https:\/\/francoismuerner.ch\/index.php?rest_route=%2Fwp%2Fv2%2Ftags&post=990"}],"curies":[{"name":"wp","href":"https:\/\/api.w.org\/{rel}","templated":true}]}}