{"id":2573,"date":"2024-11-14T17:23:02","date_gmt":"2024-11-14T16:23:02","guid":{"rendered":"https:\/\/francoismuerner.ch\/?p=2573"},"modified":"2024-11-14T17:25:54","modified_gmt":"2024-11-14T16:25:54","slug":"danke-basel-und-und","status":"publish","type":"post","link":"https:\/\/francoismuerner.ch\/?p=2573","title":{"rendered":"DANKE Basel und und &#8230;  ;-)"},"content":{"rendered":"\n<p><strong>DANKE BASEL<\/strong> f\u00fcr den grossen, spontanen und sehr herzlichen Applaus f\u00fcr mich im <strong>ausverkauften Volkshaus.<\/strong> Bin tief ber\u00fchrt! <\/p>\n\n\n\n<p>Aber ein noch gr\u00f6sseres HUT AB diesen vier hier: <strong><a rel=\"noreferrer noopener\" href=\"https:\/\/www.einfrauorchester.ch\/\" target=\"_blank\">Fr\u00f6lein DaCapo<\/a><\/strong>  <strong><a rel=\"noreferrer noopener\" href=\"https:\/\/www.adrianstern.ch\/\" target=\"_blank\">Adrian Stern<\/a><\/strong> <strong><a rel=\"noreferrer noopener\" href=\"https:\/\/www.riklinschaub.ch\/\" target=\"_blank\">Roman Riklin<\/a><\/strong> un<strong><a rel=\"noreferrer noopener\" href=\"https:\/\/www.riklinschaub.ch\/\" target=\"_blank\">d Daniel Schaub<\/a><\/strong> vom <strong><a rel=\"noreferrer noopener\" href=\"https:\/\/www.secondhandorchestra.ch\/\" target=\"_blank\">Secondhand Orchestra<\/a><\/strong> WOW! Was f\u00fcr eine Show! &#8220;<strong>LOVE &#8211; das Mundart ABBA Tribute<\/strong>&#8220;! An ein paar Orten hat es noch ganz ganz wenige Tickets. <\/p>\n\n\n\n<p>Mein Tipp<strong>: Nicht verpassen! <a rel=\"noreferrer noopener\" href=\"http:\/\/www.secondhandorchestra.ch\/?fbclid=IwZXh0bgNhZW0CMTAAAR2hnzh6Xxyv-srHbSP63B2hqf1QFI4hXrKBO0-N0f8GfIhEAJ0j1XkkKl4_aem_CXuOswQaQP-DrMpkb_SveA\" target=\"_blank\">www.secondhandorchestra.ch<\/a><\/strong><\/p>\n\n\n\n<figure class=\"wp-block-image size-full\"><img loading=\"lazy\" decoding=\"async\" width=\"922\" height=\"697\" src=\"https:\/\/francoismuerner.ch\/wordpress\/wp-content\/uploads\/2024\/11\/FM-Waterloo-in-London.jpg\" alt=\"\" class=\"wp-image-2574\" srcset=\"https:\/\/francoismuerner.ch\/wordpress\/wp-content\/uploads\/2024\/11\/FM-Waterloo-in-London.jpg 922w, https:\/\/francoismuerner.ch\/wordpress\/wp-content\/uploads\/2024\/11\/FM-Waterloo-in-London-300x227.jpg 300w, https:\/\/francoismuerner.ch\/wordpress\/wp-content\/uploads\/2024\/11\/FM-Waterloo-in-London-768x581.jpg 768w, https:\/\/francoismuerner.ch\/wordpress\/wp-content\/uploads\/2024\/11\/FM-Waterloo-in-London-397x300.jpg 397w\" sizes=\"auto, (max-width: 922px) 100vw, 922px\" \/><\/figure>\n","protected":false},"excerpt":{"rendered":"<p>DANKE BASEL f\u00fcr den grossen, spontanen und sehr herzlichen Applaus f\u00fcr mich im ausverkauften Volkshaus. Bin tief ber\u00fchrt! Aber ein noch gr\u00f6sseres HUT AB diesen vier hier: Fr\u00f6lein DaCapo Adrian Stern Roman Riklin und Daniel Schaub vom Secondhand Orchestra WOW! Was f\u00fcr eine Show! &#8220;LOVE &#8211; das Mundart ABBA Tribute&#8220;! An ein paar Orten hat es noch ganz ganz wenige Tickets. Mein Tipp: Nicht verpassen! www.secondhandorchestra.ch<\/p>\n","protected":false},"author":1,"featured_media":0,"comment_status":"closed","ping_status":"closed","sticky":false,"template":"","format":"standard","meta":{"ngg_post_thumbnail":0,"footnotes":""},"categories":[1],"tags":[],"class_list":["post-2573","post","type-post","status-publish","format-standard","hentry","category-uncategorized"],"_links":{"self":[{"href":"https:\/\/francoismuerner.ch\/index.php?rest_route=\/wp\/v2\/posts\/2573","targetHints":{"allow":["GET"]}}],"collection":[{"href":"https:\/\/francoismuerner.ch\/index.php?rest_route=\/wp\/v2\/posts"}],"about":[{"href":"https:\/\/francoismuerner.ch\/index.php?rest_route=\/wp\/v2\/types\/post"}],"author":[{"embeddable":true,"href":"https:\/\/francoismuerner.ch\/index.php?rest_route=\/wp\/v2\/users\/1"}],"replies":[{"embeddable":true,"href":"https:\/\/francoismuerner.ch\/index.php?rest_route=%2Fwp%2Fv2%2Fcomments&post=2573"}],"version-history":[{"count":5,"href":"https:\/\/francoismuerner.ch\/index.php?rest_route=\/wp\/v2\/posts\/2573\/revisions"}],"predecessor-version":[{"id":2580,"href":"https:\/\/francoismuerner.ch\/index.php?rest_route=\/wp\/v2\/posts\/2573\/revisions\/2580"}],"wp:attachment":[{"href":"https:\/\/francoismuerner.ch\/index.php?rest_route=%2Fwp%2Fv2%2Fmedia&parent=2573"}],"wp:term":[{"taxonomy":"category","embeddable":true,"href":"https:\/\/francoismuerner.ch\/index.php?rest_route=%2Fwp%2Fv2%2Fcategories&post=2573"},{"taxonomy":"post_tag","embeddable":true,"href":"https:\/\/francoismuerner.ch\/index.php?rest_route=%2Fwp%2Fv2%2Ftags&post=2573"}],"curies":[{"name":"wp","href":"https:\/\/api.w.org\/{rel}","templated":true}]}}