{"id":2511,"date":"2023-10-30T16:05:44","date_gmt":"2023-10-30T15:05:44","guid":{"rendered":"https:\/\/francoismuerner.ch\/?p=2511"},"modified":"2023-10-31T14:29:57","modified_gmt":"2023-10-31T13:29:57","slug":"40-jahre-antworten-und-tone","status":"publish","type":"post","link":"https:\/\/francoismuerner.ch\/?p=2511","title":{"rendered":"40 Jahre Antworten und T\u00f6ne"},"content":{"rendered":"\n<figure class=\"wp-block-image size-large is-style-default\"><img loading=\"lazy\" decoding=\"async\" width=\"1024\" height=\"576\" src=\"https:\/\/francoismuerner.ch\/wordpress\/wp-content\/uploads\/2023\/10\/Radio-horen-02-1024x576.jpg\" alt=\"\" class=\"wp-image-2512\" srcset=\"https:\/\/francoismuerner.ch\/wordpress\/wp-content\/uploads\/2023\/10\/Radio-horen-02-1024x576.jpg 1024w, https:\/\/francoismuerner.ch\/wordpress\/wp-content\/uploads\/2023\/10\/Radio-horen-02-300x169.jpg 300w, https:\/\/francoismuerner.ch\/wordpress\/wp-content\/uploads\/2023\/10\/Radio-horen-02-768x432.jpg 768w, https:\/\/francoismuerner.ch\/wordpress\/wp-content\/uploads\/2023\/10\/Radio-horen-02-1536x864.jpg 1536w, https:\/\/francoismuerner.ch\/wordpress\/wp-content\/uploads\/2023\/10\/Radio-horen-02-2048x1152.jpg 2048w, https:\/\/francoismuerner.ch\/wordpress\/wp-content\/uploads\/2023\/10\/Radio-horen-02-500x281.jpg 500w\" sizes=\"auto, (max-width: 1024px) 100vw, 1024px\" \/><\/figure>\n\n\n\n<p>SRF3 DRS3 &#8230; 40 Jahre es wird gefeiert und gefragt &#8230; Freude !! Die Anf\u00e4nge sind noch nicht ganz vergessen!! Hier ein paar Antworten zu Fragen die mir immer wieder gestellt werden. Und vor allem &#8230;<br><strong>Herzlichsten Dank f\u00fcr das Ab- und Zuh\u00f6ren seinerzeit und heute !!!!!!!!!!!<\/strong><\/p>\n\n\n\n<p><strong>Frage:<\/strong> Wie konntest du nur nach 9 Jahren Sounds! moderieren und gestalten diese grossartige Kultsendung verlassen um dann 12 Jahre lang den Morgen machen? <br>Um 03h45 aufstehen?? <strong>Antwort: <\/strong><\/p>\n\n\n\n<figure class=\"wp-block-audio\"><audio controls src=\"https:\/\/francoismuerner.ch\/wordpress\/wp-content\/uploads\/2023\/10\/von-SOUNDS-zur-Morgensendung-VITMAN-3.mp3\"><\/audio><\/figure>\n\n\n\n<p><strong>Frage:<\/strong> Frustriert es dich ein bisschen, dass jetzt vielleicht DAB und nicht FM auf den Radios steht? <strong>Antwort:<\/strong> K\u00f6nnte schon sein &#8230;. all diese B\u00fcez &#8230;. H\u00f6r nur mal ! : -) <\/p>\n\n\n\n<figure class=\"wp-block-audio\"><audio controls src=\"https:\/\/francoismuerner.ch\/wordpress\/wp-content\/uploads\/2023\/10\/FM-Initialen-auf-all-den-Radios.mp3\"><\/audio><\/figure>\n\n\n\n<p><strong>Frage:<\/strong> Hast du das mit der Self-Promo seinerzeit nicht ein M\u00fch \u00fcbertrieben? <br><strong>Antwort:<\/strong> Nnnnnnnein&#8230; oder doch?? Bitte urteile selbst: <\/p>\n\n\n\n<figure class=\"wp-block-audio\"><audio controls src=\"https:\/\/francoismuerner.ch\/wordpress\/wp-content\/uploads\/2023\/10\/FM-Francois-Murner-Spot-19-Sek.wav\"><\/audio><\/figure>\n\n\n\n<p><strong>Frage:<\/strong> Eure Signete waren wirklich speziell, was war da alles dabei? <strong>Antwort<\/strong>: Ich habe mit den Produktionen den Radio Oskar, den &#8220;Prix Italia&#8221; gewonnen. Gegen Konkurrenz aus der ganzen Welt, Indien, England, Holland usw. Es war ein Mix aus Boris (genialer) Blank, PJ Wassermann, Zeugs von mir aus meinem Apple II, ein Gregorianischer Chor und und und. Ein paar Beispiele querbeet: <\/p>\n\n\n\n<figure class=\"wp-block-audio\"><audio controls src=\"https:\/\/francoismuerner.ch\/wordpress\/wp-content\/uploads\/2023\/10\/FM-80ies-Mix.mp3\"><\/audio><\/figure>\n\n\n\n<figure class=\"wp-block-audio\"><audio controls src=\"https:\/\/francoismuerner.ch\/wordpress\/wp-content\/uploads\/2023\/10\/Boris-Blank-Bounce.mp3\"><\/audio><\/figure>\n\n\n\n<p><strong>Frage:<\/strong> Wie war das mit dem Internet vor dem Internet? <strong>Antwort:<\/strong> Echt crazy! Wir hatten in der Sendung Sounds vor dem Internet eine sogenannte &#8220;Computer Mailbox&#8221;. Einw\u00e4hlen mit Modem, dann war es fast wie die heutigen Sites mit Infos, Blogs. H\u00f6rer und H\u00f6rerinnen konnten sich austauschen. Internet vor dem Internet wie wir es heute kennen: <\/p>\n\n\n\n<figure class=\"wp-block-audio\"><audio controls src=\"https:\/\/francoismuerner.ch\/wordpress\/wp-content\/uploads\/2023\/10\/19860801-Promo-fur-Computer-Mailbox.mp3\"><\/audio><\/figure>\n\n\n\n<p><strong>Frage:<\/strong> Was war dein gr\u00f6sster Flop\/Absturz? <strong>Antwort:<\/strong> Dass ich den Mut hatte eine Hitparade der schlechtesten Musiktitel zu senden&#8230; Es war &#8220;leider&#8221; so ein grosser Erfolg, dass ich das dann immer wieder machen &#8220;musste&#8221;. &#8220;Verbrechen auf Schallplatte und CD&#8221;, ich bekomme heute noch Post. Mein kulturelles Erbe? Na ja, besser als gar keines: <\/p>\n\n\n\n<figure class=\"wp-block-audio\"><audio controls src=\"https:\/\/francoismuerner.ch\/wordpress\/wp-content\/uploads\/2023\/10\/20_21-Verbrechen-Trailer-Xmas-nur-du-und-ich.mp3\"><\/audio><\/figure>\n\n\n\n<p>A B   H I E R &#8230;. K R E U Z    U N D     Q U E R &#8230; D U R C H   P E I N L I C H K E I T E N<\/p>\n\n\n\n<p>H \u00d6 R E N   A U F   E I G E N E   G E F A H R :<\/p>\n\n\n\n<figure class=\"wp-block-audio\"><audio controls src=\"https:\/\/francoismuerner.ch\/wordpress\/wp-content\/uploads\/2023\/10\/4_12-Trailer-Klaber-Aktion-1984.mp3\"><\/audio><figcaption>DRS 3 Kleber Aktion nach dem Start (Text und Stimme von mir, ich gebe alles zu)<\/figcaption><\/figure>\n\n\n\n<figure class=\"wp-block-audio\"><audio controls src=\"https:\/\/francoismuerner.ch\/wordpress\/wp-content\/uploads\/2023\/10\/7_60-HolidyDrei-Trailer-Blick-aus-dem-Fenster-Sommer-1991.mp3\"><\/audio><figcaption>DRS3 Sommeraktion in der Morgensendung Vitamin 3<\/figcaption><\/figure>\n\n\n\n<figure class=\"wp-block-audio\"><audio controls src=\"https:\/\/francoismuerner.ch\/wordpress\/wp-content\/uploads\/2023\/10\/7_2-Spot-ZH-bekommt-neue-Frequenz-schrag.mp3\"><\/audio><figcaption>Z\u00fcrich bekam eine neue Frequenz. Nicht einfach das zu promoten &#8230;.<\/figcaption><\/figure>\n\n\n\n<figure class=\"wp-block-audio\"><audio controls src=\"https:\/\/francoismuerner.ch\/wordpress\/wp-content\/uploads\/2023\/10\/7_49-EMO-TRAILER_Intello-Seiten-von-V3.mp3\"><\/audio><figcaption>Die intellektuelle Seite der Morgensendung&#8230; ich holte alle auf mein Niveau runter<\/figcaption><\/figure>\n\n\n\n<figure class=\"wp-block-audio\"><audio controls src=\"https:\/\/francoismuerner.ch\/wordpress\/wp-content\/uploads\/2023\/10\/15_15-Norbert-Sammelt-Toiletten-Sitze-Spot.mp3\"><\/audio><figcaption>Ja, es geht noch tiefer. Aber (bitte zugeben) ich habe einem H\u00f6rer geholfen!<\/figcaption><\/figure>\n\n\n\n<figure class=\"wp-block-audio\"><audio controls src=\"https:\/\/francoismuerner.ch\/wordpress\/wp-content\/uploads\/2023\/10\/DRS-3-T_Shirt-Spot-Drive.mp3\"><\/audio><figcaption>Die T-Shirts waren cool. Mein Chef hatte Zweifel in Sachen Spots von mir<\/figcaption><\/figure>\n\n\n\n<figure class=\"wp-block-audio\"><audio controls src=\"https:\/\/francoismuerner.ch\/wordpress\/wp-content\/uploads\/2023\/10\/Chef-Geschichten_die-einzig-wahre.mp3\"><\/audio><figcaption>Unser Chef nicht in der Top Morgensendung &#8230; das ist dann passiert (n\u00e4chster O-Ton)<\/figcaption><\/figure>\n\n\n\n<figure class=\"wp-block-audio\"><audio controls src=\"https:\/\/francoismuerner.ch\/wordpress\/wp-content\/uploads\/2013\/02\/Programmleiter-Peter-B\u00fchler-unter-der-Dusche.mp3\"><\/audio><figcaption>DRS 3 Chef Peter B\u00fchler unter der eiskalten Dusche \u00fcber sein Sex Leben<\/figcaption><\/figure>\n\n\n\n<figure class=\"wp-block-audio\"><audio controls src=\"https:\/\/francoismuerner.ch\/wordpress\/wp-content\/uploads\/2023\/10\/5_21-Kunstfluchwettbewerb-Beat-Schlatter-Vitamin-3.mp3\"><\/audio><figcaption>Welche andere Radiostation h\u00e4tte Mut f\u00fcr sowas?? Und Beat Schlatter war super!<\/figcaption><\/figure>\n\n\n\n<figure class=\"wp-block-audio\"><audio controls src=\"https:\/\/francoismuerner.ch\/wordpress\/wp-content\/uploads\/2023\/10\/Allererste-Worte-auf-DRS-3_KURZ.mp3\"><\/audio><figcaption>DIE ALLERERSTEN WORTE AUF DRS3 &#8230; VON WEM &#8230; HA !!! &#8230; Freut mich heute noch.<\/figcaption><\/figure>\n\n\n\n<figure class=\"wp-block-audio\"><audio controls src=\"https:\/\/francoismuerner.ch\/wordpress\/wp-content\/uploads\/2023\/10\/MuL-Slade_Rosko_Wolfman-Jack.mp3\"><\/audio><figcaption>Vor DRS3\/SRF3 war ich viel .. aber viel lauter &#8230; man wird eben \u00e4lter \ud83d\ude09<\/figcaption><\/figure>\n\n\n\n<figure class=\"wp-block-audio\"><audio controls src=\"https:\/\/francoismuerner.ch\/wordpress\/wp-content\/uploads\/2023\/10\/DRS-3-Techno-Sounds-1985.wav\"><\/audio><figcaption>Das Wort Techno &#8230;. lange vor der Fasnacht in ZH mit dem gleichen Namen \ud83d\ude42<\/figcaption><\/figure>\n\n\n\n<figure class=\"wp-block-audio\"><audio controls src=\"https:\/\/francoismuerner.ch\/wordpress\/wp-content\/uploads\/2023\/10\/20_22-STEPHAN-EICHER-erfahrt-durch-DRS-3-von-Parodie-witzig.mp3\"><\/audio><figcaption>Versprochen: Nach dem wird &#8220;D\u00e9jeuner en Paix&#8221; von Eicher nie mehr gleich t\u00f6nen&#8230;. <\/figcaption><\/figure>\n\n\n\n<p><\/p>\n\n\n\n<figure class=\"wp-block-audio\"><audio controls src=\"https:\/\/francoismuerner.ch\/wordpress\/wp-content\/uploads\/2023\/10\/5_22-Fax-Trailer_Bonsai-Beni-Turnheers.mp3\"><\/audio><figcaption>Fax &#8230; DRS3 H\u00f6rer und H\u00f6rerinnen haben t\u00e4glich bestimmt wie die Story weitergehen soll<\/figcaption><\/figure>\n\n\n\n<p>               U S W &#8230;. U S W &#8230;. U S W &#8230;&#8230; <strong>TUUSIG DANK F\u00dcR&#8217;S ZUH\u00d6REN !!!!!!!!!!!<\/strong><\/p>\n","protected":false},"excerpt":{"rendered":"<p>SRF3 DRS3 &#8230; 40 Jahre es wird gefeiert und gefragt &#8230; Freude !! Die Anf\u00e4nge sind noch nicht ganz vergessen!! Hier ein paar Antworten zu Fragen die mir immer wieder gestellt werden. Und vor allem &#8230;Herzlichsten Dank f\u00fcr das Ab- und Zuh\u00f6ren seinerzeit und heute !!!!!!!!!!! Frage: Wie konntest du nur nach 9 Jahren Sounds! moderieren und gestalten diese grossartige Kultsendung verlassen um dann 12 Jahre lang den Morgen machen? Um 03h45 aufstehen?? Antwort: Frage: Frustriert es dich ein bisschen, dass jetzt vielleicht DAB und nicht FM auf den Radios steht? Antwort: K\u00f6nnte schon sein &#8230;. all diese B\u00fcez &#8230;. H\u00f6r nur mal ! : -) Frage: Hast du das &hellip; <a href=\"https:\/\/francoismuerner.ch\/?p=2511\">Continue reading <span class=\"meta-nav\">&rarr;<\/span><\/a><\/p>\n","protected":false},"author":1,"featured_media":0,"comment_status":"closed","ping_status":"closed","sticky":false,"template":"","format":"standard","meta":{"ngg_post_thumbnail":0,"footnotes":""},"categories":[1],"tags":[],"class_list":["post-2511","post","type-post","status-publish","format-standard","hentry","category-uncategorized"],"_links":{"self":[{"href":"https:\/\/francoismuerner.ch\/index.php?rest_route=\/wp\/v2\/posts\/2511","targetHints":{"allow":["GET"]}}],"collection":[{"href":"https:\/\/francoismuerner.ch\/index.php?rest_route=\/wp\/v2\/posts"}],"about":[{"href":"https:\/\/francoismuerner.ch\/index.php?rest_route=\/wp\/v2\/types\/post"}],"author":[{"embeddable":true,"href":"https:\/\/francoismuerner.ch\/index.php?rest_route=\/wp\/v2\/users\/1"}],"replies":[{"embeddable":true,"href":"https:\/\/francoismuerner.ch\/index.php?rest_route=%2Fwp%2Fv2%2Fcomments&post=2511"}],"version-history":[{"count":24,"href":"https:\/\/francoismuerner.ch\/index.php?rest_route=\/wp\/v2\/posts\/2511\/revisions"}],"predecessor-version":[{"id":2558,"href":"https:\/\/francoismuerner.ch\/index.php?rest_route=\/wp\/v2\/posts\/2511\/revisions\/2558"}],"wp:attachment":[{"href":"https:\/\/francoismuerner.ch\/index.php?rest_route=%2Fwp%2Fv2%2Fmedia&parent=2511"}],"wp:term":[{"taxonomy":"category","embeddable":true,"href":"https:\/\/francoismuerner.ch\/index.php?rest_route=%2Fwp%2Fv2%2Fcategories&post=2511"},{"taxonomy":"post_tag","embeddable":true,"href":"https:\/\/francoismuerner.ch\/index.php?rest_route=%2Fwp%2Fv2%2Ftags&post=2511"}],"curies":[{"name":"wp","href":"https:\/\/api.w.org\/{rel}","templated":true}]}}