{"id":2477,"date":"2023-02-25T11:52:06","date_gmt":"2023-02-25T10:52:06","guid":{"rendered":"https:\/\/francoismuerner.ch\/?p=2477"},"modified":"2023-02-25T11:52:08","modified_gmt":"2023-02-25T10:52:08","slug":"the-last-djs-wie-die-musik-ins-radio-kam","status":"publish","type":"post","link":"https:\/\/francoismuerner.ch\/?p=2477","title":{"rendered":"THE LAST DJS &#8211; wie die Musik ins Radio kam."},"content":{"rendered":"\n<p>Haut mich echt um! Da bin ich als Schweizer in einem deutschen Werk mit dem Titel <strong>&#8220;THE LAST DJS &#8211; wie die Musik ins Radio kam&#8221;.<\/strong>  Neben Radiog\u00f6tter wie Alan Bangs, Elke Heidenreich, Thomas Gottschalk usw. auf ein paar Seiten auch meine Story. Und hallo hatte ich Gl\u00fcck!! Keine Rundfunk-R\u00e4te und Zensurbeh\u00f6rden. Radio DRS liess mich mit allen Ecken und Kanten w\u00fcten. <a rel=\"noreferrer noopener\" href=\"https:\/\/thomas-kraft.net\/?cat=37&amp;id=197\" target=\"_blank\">\u00abTHE LAST DJS\u00bb <\/a>mit viel Liebe und Herzblut recherchiert vom Top-Autor und Musikkenner <a rel=\"noreferrer noopener\" href=\"https:\/\/thomas-kraft.net\/?cat=37&amp;id=197\" target=\"_blank\">Thomas Kraft. <\/a>NB auch \u00fcber die wilden Anf\u00e4nge von Wolfman Jack, Casey Kesem, Alan Freed, Tony Prince und wie sie alle hiessen und heissen. Fazit: Meine Kumpels im grossen Kanton hatten nicht die Freiheit, die wir hier genossen. Ein Buch f\u00fcr echte Radio-Aficionados. <strong>Danke Thomas Kraft.<\/strong> <\/p>\n\n\n\n<div class=\"wp-block-group\"><div class=\"wp-block-group__inner-container is-layout-flow wp-block-group-is-layout-flow\">\n<figure class=\"wp-block-image size-full is-style-default\"><a href=\"https:\/\/thomas-kraft.net\/?cat=37&amp;id=197\" target=\"_blank\" rel=\"noreferrer noopener\"><img loading=\"lazy\" decoding=\"async\" width=\"881\" height=\"704\" src=\"https:\/\/francoismuerner.ch\/wordpress\/wp-content\/uploads\/2023\/02\/THE-LAST-DJS-wie-die-Musik-ins-Radio-kam.jpg\" alt=\"\" class=\"wp-image-2481\" srcset=\"https:\/\/francoismuerner.ch\/wordpress\/wp-content\/uploads\/2023\/02\/THE-LAST-DJS-wie-die-Musik-ins-Radio-kam.jpg 881w, https:\/\/francoismuerner.ch\/wordpress\/wp-content\/uploads\/2023\/02\/THE-LAST-DJS-wie-die-Musik-ins-Radio-kam-300x240.jpg 300w, https:\/\/francoismuerner.ch\/wordpress\/wp-content\/uploads\/2023\/02\/THE-LAST-DJS-wie-die-Musik-ins-Radio-kam-768x614.jpg 768w, https:\/\/francoismuerner.ch\/wordpress\/wp-content\/uploads\/2023\/02\/THE-LAST-DJS-wie-die-Musik-ins-Radio-kam-375x300.jpg 375w\" sizes=\"auto, (max-width: 881px) 100vw, 881px\" \/><\/a><\/figure>\n<\/div><\/div>\n","protected":false},"excerpt":{"rendered":"<p>Haut mich echt um! Da bin ich als Schweizer in einem deutschen Werk mit dem Titel &#8220;THE LAST DJS &#8211; wie die Musik ins Radio kam&#8221;. Neben Radiog\u00f6tter wie Alan Bangs, Elke Heidenreich, Thomas Gottschalk usw. auf ein paar Seiten auch meine Story. Und hallo hatte ich Gl\u00fcck!! Keine Rundfunk-R\u00e4te und Zensurbeh\u00f6rden. Radio DRS liess mich mit allen Ecken und Kanten w\u00fcten. \u00abTHE LAST DJS\u00bb mit viel Liebe und Herzblut recherchiert vom Top-Autor und Musikkenner Thomas Kraft. NB auch \u00fcber die wilden Anf\u00e4nge von Wolfman Jack, Casey Kesem, Alan Freed, Tony Prince und wie sie alle hiessen und heissen. Fazit: Meine Kumpels im grossen Kanton hatten nicht die Freiheit, die &hellip; <a href=\"https:\/\/francoismuerner.ch\/?p=2477\">Continue reading <span class=\"meta-nav\">&rarr;<\/span><\/a><\/p>\n","protected":false},"author":1,"featured_media":0,"comment_status":"closed","ping_status":"closed","sticky":false,"template":"","format":"standard","meta":{"ngg_post_thumbnail":0,"footnotes":""},"categories":[1],"tags":[],"class_list":["post-2477","post","type-post","status-publish","format-standard","hentry","category-uncategorized"],"_links":{"self":[{"href":"https:\/\/francoismuerner.ch\/index.php?rest_route=\/wp\/v2\/posts\/2477","targetHints":{"allow":["GET"]}}],"collection":[{"href":"https:\/\/francoismuerner.ch\/index.php?rest_route=\/wp\/v2\/posts"}],"about":[{"href":"https:\/\/francoismuerner.ch\/index.php?rest_route=\/wp\/v2\/types\/post"}],"author":[{"embeddable":true,"href":"https:\/\/francoismuerner.ch\/index.php?rest_route=\/wp\/v2\/users\/1"}],"replies":[{"embeddable":true,"href":"https:\/\/francoismuerner.ch\/index.php?rest_route=%2Fwp%2Fv2%2Fcomments&post=2477"}],"version-history":[{"count":5,"href":"https:\/\/francoismuerner.ch\/index.php?rest_route=\/wp\/v2\/posts\/2477\/revisions"}],"predecessor-version":[{"id":2486,"href":"https:\/\/francoismuerner.ch\/index.php?rest_route=\/wp\/v2\/posts\/2477\/revisions\/2486"}],"wp:attachment":[{"href":"https:\/\/francoismuerner.ch\/index.php?rest_route=%2Fwp%2Fv2%2Fmedia&parent=2477"}],"wp:term":[{"taxonomy":"category","embeddable":true,"href":"https:\/\/francoismuerner.ch\/index.php?rest_route=%2Fwp%2Fv2%2Fcategories&post=2477"},{"taxonomy":"post_tag","embeddable":true,"href":"https:\/\/francoismuerner.ch\/index.php?rest_route=%2Fwp%2Fv2%2Ftags&post=2477"}],"curies":[{"name":"wp","href":"https:\/\/api.w.org\/{rel}","templated":true}]}}