{"id":2321,"date":"2022-11-28T13:52:04","date_gmt":"2022-11-28T12:52:04","guid":{"rendered":"https:\/\/francoismuerner.ch\/?p=2321"},"modified":"2022-11-28T13:52:58","modified_gmt":"2022-11-28T12:52:58","slug":"heute-22-uhr-kanal-k","status":"publish","type":"post","link":"https:\/\/francoismuerner.ch\/?p=2321","title":{"rendered":"Heute 22 Uhr KANAL K"},"content":{"rendered":"\n<p>MADE IN SWITZERLAND eine Sendung von Debbie Bossard. Was mich so ber\u00fchrt hat nach meiner R\u00fcckkehr aus London! Eine Reise durch die 70ger, 80ger, 90ger usw. Danke f\u00fcr die Einladung Debbie! Ja ich erz\u00e4hle, was mein Chef seinerzeit von meiner Musikauswahl hielt &#8230; Auch am fr\u00fchen Morgen auf dem Drei &#8230;.  ha!  \ud83d\ude09 <br>Hier die Kurzversion: <a rel=\"noreferrer noopener\" href=\"https:\/\/www.youtube.com\/watch?v=3_gsCTjOxXI&amp;t=4s\" target=\"_blank\">Kanal K Gig<\/a><\/p>\n\n\n\n<figure class=\"wp-block-gallery has-nested-images columns-default is-cropped wp-block-gallery-1 is-layout-flex wp-block-gallery-is-layout-flex\">\n<figure class=\"wp-block-image size-large is-style-default\"><a href=\"https:\/\/www.youtube.com\/watch?v=3_gsCTjOxXI&amp;t=4s\" target=\"_blank\" rel=\"noreferrer noopener\"><img loading=\"lazy\" decoding=\"async\" width=\"1024\" height=\"768\" data-id=\"2322\" src=\"https:\/\/francoismuerner.ch\/wordpress\/wp-content\/uploads\/2022\/11\/221128-Kanal-K_06-1024x768.jpg\" alt=\"\" class=\"wp-image-2322\" srcset=\"https:\/\/francoismuerner.ch\/wordpress\/wp-content\/uploads\/2022\/11\/221128-Kanal-K_06-1024x768.jpg 1024w, https:\/\/francoismuerner.ch\/wordpress\/wp-content\/uploads\/2022\/11\/221128-Kanal-K_06-300x225.jpg 300w, https:\/\/francoismuerner.ch\/wordpress\/wp-content\/uploads\/2022\/11\/221128-Kanal-K_06-768x576.jpg 768w, https:\/\/francoismuerner.ch\/wordpress\/wp-content\/uploads\/2022\/11\/221128-Kanal-K_06-1536x1152.jpg 1536w, https:\/\/francoismuerner.ch\/wordpress\/wp-content\/uploads\/2022\/11\/221128-Kanal-K_06-2048x1536.jpg 2048w, https:\/\/francoismuerner.ch\/wordpress\/wp-content\/uploads\/2022\/11\/221128-Kanal-K_06-400x300.jpg 400w\" sizes=\"auto, (max-width: 1024px) 100vw, 1024px\" \/><\/a><\/figure>\n<\/figure>\n","protected":false},"excerpt":{"rendered":"<p>MADE IN SWITZERLAND eine Sendung von Debbie Bossard. Was mich so ber\u00fchrt hat nach meiner R\u00fcckkehr aus London! Eine Reise durch die 70ger, 80ger, 90ger usw. Danke f\u00fcr die Einladung Debbie! Ja ich erz\u00e4hle, was mein Chef seinerzeit von meiner Musikauswahl hielt &#8230; Auch am fr\u00fchen Morgen auf dem Drei &#8230;. ha! \ud83d\ude09 Hier die Kurzversion: Kanal K Gig<\/p>\n","protected":false},"author":1,"featured_media":0,"comment_status":"closed","ping_status":"closed","sticky":false,"template":"","format":"standard","meta":{"ngg_post_thumbnail":0,"footnotes":""},"categories":[1],"tags":[],"class_list":["post-2321","post","type-post","status-publish","format-standard","hentry","category-uncategorized"],"_links":{"self":[{"href":"https:\/\/francoismuerner.ch\/index.php?rest_route=\/wp\/v2\/posts\/2321","targetHints":{"allow":["GET"]}}],"collection":[{"href":"https:\/\/francoismuerner.ch\/index.php?rest_route=\/wp\/v2\/posts"}],"about":[{"href":"https:\/\/francoismuerner.ch\/index.php?rest_route=\/wp\/v2\/types\/post"}],"author":[{"embeddable":true,"href":"https:\/\/francoismuerner.ch\/index.php?rest_route=\/wp\/v2\/users\/1"}],"replies":[{"embeddable":true,"href":"https:\/\/francoismuerner.ch\/index.php?rest_route=%2Fwp%2Fv2%2Fcomments&post=2321"}],"version-history":[{"count":4,"href":"https:\/\/francoismuerner.ch\/index.php?rest_route=\/wp\/v2\/posts\/2321\/revisions"}],"predecessor-version":[{"id":2326,"href":"https:\/\/francoismuerner.ch\/index.php?rest_route=\/wp\/v2\/posts\/2321\/revisions\/2326"}],"wp:attachment":[{"href":"https:\/\/francoismuerner.ch\/index.php?rest_route=%2Fwp%2Fv2%2Fmedia&parent=2321"}],"wp:term":[{"taxonomy":"category","embeddable":true,"href":"https:\/\/francoismuerner.ch\/index.php?rest_route=%2Fwp%2Fv2%2Fcategories&post=2321"},{"taxonomy":"post_tag","embeddable":true,"href":"https:\/\/francoismuerner.ch\/index.php?rest_route=%2Fwp%2Fv2%2Ftags&post=2321"}],"curies":[{"name":"wp","href":"https:\/\/api.w.org\/{rel}","templated":true}]}}