{"id":2293,"date":"2022-08-31T10:18:24","date_gmt":"2022-08-31T09:18:24","guid":{"rendered":"https:\/\/francoismuerner.ch\/?p=2293"},"modified":"2022-09-10T10:33:06","modified_gmt":"2022-09-10T09:33:06","slug":"jaaaaa-fur-den-swiss-comedy-award-nominiert","status":"publish","type":"post","link":"https:\/\/francoismuerner.ch\/?p=2293","title":{"rendered":"Jaaaaa !!! F\u00fcr die SWISS COMEDY AWARDS nominiert !!!"},"content":{"rendered":"\n<p>Wir sind mit \u00abFREDDIE \u2013 die Mundartshow\u00bb f\u00fcr die&nbsp;<strong>SWISS COMEDY AWARDS<\/strong>&nbsp;nominiert.<br>Danke tuusig f\u00fcr eine Minute Zeit f\u00fcr ein allf\u00e4lliges Voten f\u00fcr das&nbsp;<strong>SECONDHAND ORCHESTRA!<\/strong>&nbsp;Jede Stimme z\u00e4hlt &#8230; Die Sache hatte auch ein bisschen sowas wie Tiefgang.&nbsp;W\u00c4RE ECHT COOL. DANKE, MERCI, THANX noch einmal.<br><br>Ganz nach unten scrollen bis SECONDHAND ORCHESTRA:<br><a href=\"https:\/\/docs.google.com\/forms\/d\/e\/1FAIpQLSc-mP917I3Nq39GEXLyXH21f8nUM1eMf3Zj3WpDQOWgThejlA\/viewform\">https:\/\/docs.google.com\/forms\/d\/e\/1FAIpQLSc-mP917I3Nq39GEXLyXH21f8nUM1eMf3Zj3WpDQOWgThejlA\/viewform<\/a><br><br>Trailer f\u00fcr die die 50 ausverkauften Shows:&nbsp;<a href=\"https:\/\/www.youtube.com\/watch?v=QyZF2GK9XCI&amp;list=RDQyZF2GK9XCI&amp;start_radio=1\">https:\/\/www.youtube.com\/watch?v=QyZF2GK9XCI&amp;list=RDQyZF2GK9XCI&amp;start_radio=1<\/a><br><br><strong>SWISS COMEDY AWARDS<\/strong>&nbsp;dann im Schweizer Farbfernsehen:&nbsp;<strong>Samstag, 10. September 2022, 20h10. SRF1<\/strong><\/p>\n\n\n\n<p><strong>&#8220;FREDDIE &#8211; die Mundartshow&#8221;<\/strong>&nbsp;live: Diesen Dezember\/Januar&nbsp;<strong>in Basel, Z\u00fcrich usw.<\/strong>:&nbsp;https:\/\/www.secondhandorchestra.ch\/&nbsp;<\/p>\n","protected":false},"excerpt":{"rendered":"<p>Wir sind mit \u00abFREDDIE \u2013 die Mundartshow\u00bb f\u00fcr die&nbsp;SWISS COMEDY AWARDS&nbsp;nominiert.Danke tuusig f\u00fcr eine Minute Zeit f\u00fcr ein allf\u00e4lliges Voten f\u00fcr das&nbsp;SECONDHAND ORCHESTRA!&nbsp;Jede Stimme z\u00e4hlt &#8230; Die Sache hatte auch ein bisschen sowas wie Tiefgang.&nbsp;W\u00c4RE ECHT COOL. DANKE, MERCI, THANX noch einmal. Ganz nach unten scrollen bis SECONDHAND ORCHESTRA:https:\/\/docs.google.com\/forms\/d\/e\/1FAIpQLSc-mP917I3Nq39GEXLyXH21f8nUM1eMf3Zj3WpDQOWgThejlA\/viewform Trailer f\u00fcr die die 50 ausverkauften Shows:&nbsp;https:\/\/www.youtube.com\/watch?v=QyZF2GK9XCI&amp;list=RDQyZF2GK9XCI&amp;start_radio=1 SWISS COMEDY AWARDS&nbsp;dann im Schweizer Farbfernsehen:&nbsp;Samstag, 10. September 2022, 20h10. SRF1 &#8220;FREDDIE &#8211; die Mundartshow&#8221;&nbsp;live: Diesen Dezember\/Januar&nbsp;in Basel, Z\u00fcrich usw.:&nbsp;https:\/\/www.secondhandorchestra.ch\/&nbsp;<\/p>\n","protected":false},"author":1,"featured_media":0,"comment_status":"closed","ping_status":"closed","sticky":false,"template":"","format":"standard","meta":{"ngg_post_thumbnail":0,"footnotes":""},"categories":[1],"tags":[],"class_list":["post-2293","post","type-post","status-publish","format-standard","hentry","category-uncategorized"],"_links":{"self":[{"href":"https:\/\/francoismuerner.ch\/index.php?rest_route=\/wp\/v2\/posts\/2293","targetHints":{"allow":["GET"]}}],"collection":[{"href":"https:\/\/francoismuerner.ch\/index.php?rest_route=\/wp\/v2\/posts"}],"about":[{"href":"https:\/\/francoismuerner.ch\/index.php?rest_route=\/wp\/v2\/types\/post"}],"author":[{"embeddable":true,"href":"https:\/\/francoismuerner.ch\/index.php?rest_route=\/wp\/v2\/users\/1"}],"replies":[{"embeddable":true,"href":"https:\/\/francoismuerner.ch\/index.php?rest_route=%2Fwp%2Fv2%2Fcomments&post=2293"}],"version-history":[{"count":6,"href":"https:\/\/francoismuerner.ch\/index.php?rest_route=\/wp\/v2\/posts\/2293\/revisions"}],"predecessor-version":[{"id":2301,"href":"https:\/\/francoismuerner.ch\/index.php?rest_route=\/wp\/v2\/posts\/2293\/revisions\/2301"}],"wp:attachment":[{"href":"https:\/\/francoismuerner.ch\/index.php?rest_route=%2Fwp%2Fv2%2Fmedia&parent=2293"}],"wp:term":[{"taxonomy":"category","embeddable":true,"href":"https:\/\/francoismuerner.ch\/index.php?rest_route=%2Fwp%2Fv2%2Fcategories&post=2293"},{"taxonomy":"post_tag","embeddable":true,"href":"https:\/\/francoismuerner.ch\/index.php?rest_route=%2Fwp%2Fv2%2Ftags&post=2293"}],"curies":[{"name":"wp","href":"https:\/\/api.w.org\/{rel}","templated":true}]}}