{"id":2259,"date":"2021-10-24T12:34:05","date_gmt":"2021-10-24T11:34:05","guid":{"rendered":"https:\/\/francoismuerner.ch\/?p=2259"},"modified":"2021-10-24T12:34:07","modified_gmt":"2021-10-24T11:34:07","slug":"wochenrundshow-srf3-23-10-2021-zum-nachhoren-ja-die-horer-und-horerinnen-haben-knapp-gewonnen","status":"publish","type":"post","link":"https:\/\/francoismuerner.ch\/?p=2259","title":{"rendered":"WochenrundShow SRF3 23.10.2021 zum Nachh\u00f6ren (ja, die H\u00f6rer und H\u00f6rerinnen haben knapp gewonnen)"},"content":{"rendered":"\n<p>Habe viele Anfragen (**) in Sachen Sendung von gestern. &#8220;Wo kann man das Nachh\u00f6ren? Ich habe die Sendung verpasst!&#8221; Bei dem sch\u00f6nen Wetter gestern, man hat ja ein Leben. Hier also alle vier Stunden bis zum bitteren Ende. Und f\u00fcr die die nicht so viel Zeit\/Lust haben, die 8 Minuten Sequenz: &#8220;Meine Woche, wahr oder nicht wahr&#8221;. Bitte mitraten. H\u00e4ttest du richtig geantwortet???? &#8230; (**f\u00fcr Walter H.: es stimmt) &#8230;     \ud83d\ude42<\/p>\n\n\n\n<figure class=\"wp-block-audio\"><audio controls src=\"https:\/\/francoismuerner.ch\/wordpress\/wp-content\/uploads\/2021\/10\/211023-WochenrundShow-wahr-oder-nicht-wahr.mp3\"><\/audio><figcaption><strong>MEINE WOCHE: WAHR ODER NICHT WAHR ???<\/strong><\/figcaption><\/figure>\n\n\n\n<figure class=\"wp-block-audio\"><audio controls src=\"https:\/\/francoismuerner.ch\/wordpress\/wp-content\/uploads\/2021\/10\/211023-WochenrundShow-13-14-Uhr.mp3\"><\/audio><figcaption><strong>13 &#8211; 14 UHR<\/strong><\/figcaption><\/figure>\n\n\n\n<figure class=\"wp-block-audio\"><audio controls src=\"https:\/\/francoismuerner.ch\/wordpress\/wp-content\/uploads\/2021\/10\/211023-WochenrundShow-14-15-Uhr.mp3\"><\/audio><figcaption><strong>14 &#8211; 15 UHR<\/strong><\/figcaption><\/figure>\n\n\n\n<figure class=\"wp-block-audio\"><audio controls src=\"https:\/\/francoismuerner.ch\/wordpress\/wp-content\/uploads\/2021\/10\/211023-WochenrundShow-15-16-Uhr.mp3\"><\/audio><figcaption><strong>15 &#8211; 16 UHR<\/strong><\/figcaption><\/figure>\n\n\n\n<figure class=\"wp-block-audio\"><audio controls src=\"https:\/\/francoismuerner.ch\/wordpress\/wp-content\/uploads\/2021\/10\/211023-WochenrundShow-16-17-Uhr.mp3\"><\/audio><figcaption><strong>16 &#8211; 17 UHR<\/strong><\/figcaption><\/figure>\n\n\n\n<p>Und ja die M\u00fctze (es gibt nur deren zwei) von KIIS-FM LOS ANGELES ist weg. So it goes.. Danke <strong><a rel=\"noreferrer noopener\" href=\"https:\/\/www.srf.ch\/radio-srf-3\/ueber-uns\/franziska-von-gruenigen-ich-bin-bekannt-fuer-mein-chaos-9\" target=\"_blank\">Franziska von Gr\u00fcnigen<\/a> <\/strong>f\u00fcr den sympathischen Nachmittag. Und last but not least nicht vergessen <a rel=\"noreferrer noopener\" href=\"https:\/\/www.secondhandorchestra.ch\/\" target=\"_blank\"><strong>&#8220;FREDDIE &#8211; die Mundartshow&#8221;<\/strong><\/a> ist a) <strong><a rel=\"noreferrer noopener\" href=\"https:\/\/www.secondhandorchestra.ch\/\" target=\"_blank\">HAMMER<\/a> <\/strong>und b) <a rel=\"noreferrer noopener\" href=\"https:\/\/www.secondhandorchestra.ch\/\" target=\"_blank\"><strong>jetzt auf Tournee!<\/strong><\/a><\/p>\n\n\n\n<figure class=\"wp-block-gallery columns-1 is-cropped wp-block-gallery-1 is-layout-flex wp-block-gallery-is-layout-flex\"><ul class=\"blocks-gallery-grid\"><li class=\"blocks-gallery-item\"><figure><img loading=\"lazy\" decoding=\"async\" width=\"1024\" height=\"768\" src=\"https:\/\/francoismuerner.ch\/wordpress\/wp-content\/uploads\/2021\/10\/Mutze-ist-weg-Kopie-1024x768.jpg\" alt=\"\" data-id=\"2260\" data-full-url=\"https:\/\/francoismuerner.ch\/wordpress\/wp-content\/uploads\/2021\/10\/Mutze-ist-weg-Kopie-scaled.jpg\" data-link=\"https:\/\/francoismuerner.ch\/?attachment_id=2260\" class=\"wp-image-2260\" srcset=\"https:\/\/francoismuerner.ch\/wordpress\/wp-content\/uploads\/2021\/10\/Mutze-ist-weg-Kopie-1024x768.jpg 1024w, https:\/\/francoismuerner.ch\/wordpress\/wp-content\/uploads\/2021\/10\/Mutze-ist-weg-Kopie-300x225.jpg 300w, https:\/\/francoismuerner.ch\/wordpress\/wp-content\/uploads\/2021\/10\/Mutze-ist-weg-Kopie-768x576.jpg 768w, https:\/\/francoismuerner.ch\/wordpress\/wp-content\/uploads\/2021\/10\/Mutze-ist-weg-Kopie-1536x1152.jpg 1536w, https:\/\/francoismuerner.ch\/wordpress\/wp-content\/uploads\/2021\/10\/Mutze-ist-weg-Kopie-2048x1536.jpg 2048w, https:\/\/francoismuerner.ch\/wordpress\/wp-content\/uploads\/2021\/10\/Mutze-ist-weg-Kopie-400x300.jpg 400w\" sizes=\"auto, (max-width: 1024px) 100vw, 1024px\" \/><\/figure><\/li><\/ul><\/figure>\n\n\n\n<p><\/p>\n","protected":false},"excerpt":{"rendered":"<p>Habe viele Anfragen (**) in Sachen Sendung von gestern. &#8220;Wo kann man das Nachh\u00f6ren? Ich habe die Sendung verpasst!&#8221; Bei dem sch\u00f6nen Wetter gestern, man hat ja ein Leben. Hier also alle vier Stunden bis zum bitteren Ende. Und f\u00fcr die die nicht so viel Zeit\/Lust haben, die 8 Minuten Sequenz: &#8220;Meine Woche, wahr oder nicht wahr&#8221;. Bitte mitraten. H\u00e4ttest du richtig geantwortet???? &#8230; (**f\u00fcr Walter H.: es stimmt) &#8230; \ud83d\ude42 Und ja die M\u00fctze (es gibt nur deren zwei) von KIIS-FM LOS ANGELES ist weg. So it goes.. Danke Franziska von Gr\u00fcnigen f\u00fcr den sympathischen Nachmittag. Und last but not least nicht vergessen &#8220;FREDDIE &#8211; die Mundartshow&#8221; ist a) &hellip; <a href=\"https:\/\/francoismuerner.ch\/?p=2259\">Continue reading <span class=\"meta-nav\">&rarr;<\/span><\/a><\/p>\n","protected":false},"author":1,"featured_media":0,"comment_status":"closed","ping_status":"closed","sticky":false,"template":"","format":"standard","meta":{"ngg_post_thumbnail":0,"footnotes":""},"categories":[1],"tags":[],"class_list":["post-2259","post","type-post","status-publish","format-standard","hentry","category-uncategorized"],"_links":{"self":[{"href":"https:\/\/francoismuerner.ch\/index.php?rest_route=\/wp\/v2\/posts\/2259","targetHints":{"allow":["GET"]}}],"collection":[{"href":"https:\/\/francoismuerner.ch\/index.php?rest_route=\/wp\/v2\/posts"}],"about":[{"href":"https:\/\/francoismuerner.ch\/index.php?rest_route=\/wp\/v2\/types\/post"}],"author":[{"embeddable":true,"href":"https:\/\/francoismuerner.ch\/index.php?rest_route=\/wp\/v2\/users\/1"}],"replies":[{"embeddable":true,"href":"https:\/\/francoismuerner.ch\/index.php?rest_route=%2Fwp%2Fv2%2Fcomments&post=2259"}],"version-history":[{"count":5,"href":"https:\/\/francoismuerner.ch\/index.php?rest_route=\/wp\/v2\/posts\/2259\/revisions"}],"predecessor-version":[{"id":2450,"href":"https:\/\/francoismuerner.ch\/index.php?rest_route=\/wp\/v2\/posts\/2259\/revisions\/2450"}],"wp:attachment":[{"href":"https:\/\/francoismuerner.ch\/index.php?rest_route=%2Fwp%2Fv2%2Fmedia&parent=2259"}],"wp:term":[{"taxonomy":"category","embeddable":true,"href":"https:\/\/francoismuerner.ch\/index.php?rest_route=%2Fwp%2Fv2%2Fcategories&post=2259"},{"taxonomy":"post_tag","embeddable":true,"href":"https:\/\/francoismuerner.ch\/index.php?rest_route=%2Fwp%2Fv2%2Ftags&post=2259"}],"curies":[{"name":"wp","href":"https:\/\/api.w.org\/{rel}","templated":true}]}}