{"id":1797,"date":"2017-06-24T10:30:17","date_gmt":"2017-06-24T09:30:17","guid":{"rendered":"http:\/\/francoismuerner.ch\/?p=1797"},"modified":"2017-06-24T10:32:30","modified_gmt":"2017-06-24T09:32:30","slug":"mona-fm-17-und-12-jahre-morgenradio","status":"publish","type":"post","link":"https:\/\/francoismuerner.ch\/?p=1797","title":{"rendered":"Mona FM \/ 17 und 12 Jahre Morgenradio"},"content":{"rendered":"<p>Jingle zum Bild:<strong>\u00a0<\/strong><a href=\"http:\/\/francoismuerner.ch\/wordpress\/wp-content\/uploads\/2017\/06\/FM-Jinlge-Intro_jetzt-im-Radio.wav\"><strong>Jingle jetzt im Radio<\/strong><br \/>\n<\/a>Danke LegendaryMaskedSurfer f\u00fcr den<strong> <a title=\"Tweet !!\" href=\"https:\/\/twitter.com\/LegMaskedSurfer\/status\/878359361894088704\" target=\"_blank\">Tweet !!<\/a><\/strong><\/p>\n<p><a href=\"http:\/\/francoismuerner.ch\/wordpress\/wp-content\/uploads\/2017\/06\/Mona-Bye-Bye-Show.jpg\"><img loading=\"lazy\" decoding=\"async\" class=\"alignnone size-medium wp-image-1796\" alt=\"Mona Bye Bye Show\" src=\"http:\/\/francoismuerner.ch\/wordpress\/wp-content\/uploads\/2017\/06\/Mona-Bye-Bye-Show-266x300.jpg\" width=\"266\" height=\"300\" srcset=\"https:\/\/francoismuerner.ch\/wordpress\/wp-content\/uploads\/2017\/06\/Mona-Bye-Bye-Show-266x300.jpg 266w, https:\/\/francoismuerner.ch\/wordpress\/wp-content\/uploads\/2017\/06\/Mona-Bye-Bye-Show.jpg 632w\" sizes=\"auto, (max-width: 266px) 100vw, 266px\" \/><\/a><\/p>\n<p><b>Hallo?!\u00a0<\/b>Nach 12 Jahren Radio am fr\u00fchen Morgen sehe ich 100 Jahre \u00e4lter aus. Mona hat sich<strong> nicht<\/strong> ver\u00e4ndert. Eine Ausserirdische wie Bowie im Film <strong><a title=\"&quot;The Man who fell to Earth&quot; ?\" href=\"https:\/\/www.youtube.com\/watch?v=wd9vU1KaQiY\" target=\"_blank\">&#8220;The Man who fell to Earth&#8221; ?<\/a><\/strong><\/p>\n","protected":false},"excerpt":{"rendered":"<p>Jingle zum Bild:\u00a0Jingle jetzt im Radio Danke LegendaryMaskedSurfer f\u00fcr den Tweet !! Hallo?!\u00a0Nach 12 Jahren Radio am fr\u00fchen Morgen sehe ich 100 Jahre \u00e4lter aus. Mona hat sich nicht ver\u00e4ndert. Eine Ausserirdische wie Bowie im Film &#8220;The Man who fell to Earth&#8221; ?<\/p>\n","protected":false},"author":1,"featured_media":0,"comment_status":"closed","ping_status":"closed","sticky":false,"template":"","format":"standard","meta":{"ngg_post_thumbnail":0,"footnotes":""},"categories":[1],"tags":[],"class_list":["post-1797","post","type-post","status-publish","format-standard","hentry","category-uncategorized"],"_links":{"self":[{"href":"https:\/\/francoismuerner.ch\/index.php?rest_route=\/wp\/v2\/posts\/1797","targetHints":{"allow":["GET"]}}],"collection":[{"href":"https:\/\/francoismuerner.ch\/index.php?rest_route=\/wp\/v2\/posts"}],"about":[{"href":"https:\/\/francoismuerner.ch\/index.php?rest_route=\/wp\/v2\/types\/post"}],"author":[{"embeddable":true,"href":"https:\/\/francoismuerner.ch\/index.php?rest_route=\/wp\/v2\/users\/1"}],"replies":[{"embeddable":true,"href":"https:\/\/francoismuerner.ch\/index.php?rest_route=%2Fwp%2Fv2%2Fcomments&post=1797"}],"version-history":[{"count":5,"href":"https:\/\/francoismuerner.ch\/index.php?rest_route=\/wp\/v2\/posts\/1797\/revisions"}],"predecessor-version":[{"id":1802,"href":"https:\/\/francoismuerner.ch\/index.php?rest_route=\/wp\/v2\/posts\/1797\/revisions\/1802"}],"wp:attachment":[{"href":"https:\/\/francoismuerner.ch\/index.php?rest_route=%2Fwp%2Fv2%2Fmedia&parent=1797"}],"wp:term":[{"taxonomy":"category","embeddable":true,"href":"https:\/\/francoismuerner.ch\/index.php?rest_route=%2Fwp%2Fv2%2Fcategories&post=1797"},{"taxonomy":"post_tag","embeddable":true,"href":"https:\/\/francoismuerner.ch\/index.php?rest_route=%2Fwp%2Fv2%2Ftags&post=1797"}],"curies":[{"name":"wp","href":"https:\/\/api.w.org\/{rel}","templated":true}]}}