{"id":1785,"date":"2017-06-22T14:20:12","date_gmt":"2017-06-22T13:20:12","guid":{"rendered":"http:\/\/francoismuerner.ch\/?p=1785"},"modified":"2017-06-23T11:10:20","modified_gmt":"2017-06-23T10:10:20","slug":"nicht-verpassen-sgt-pepper-auf-dialekt-und","status":"publish","type":"post","link":"https:\/\/francoismuerner.ch\/?p=1785","title":{"rendered":"Nicht verpassen: Sgt. Pepper auf Dialekt und &#8230;.."},"content":{"rendered":"<p>Das Jahrhundertalbum <strong>Sgt. Pepper\u00a0<\/strong>diesen Herbst total anders erleben.<br \/>\nEine Performance die unter die Haut geht, v\u00f6llig neu .. in unserer Sprache .. mit viel Liebe zum Detail und Nuancen \u00fcbersetzt &#8230; und &#8230;. erg\u00e4nzt &#8230; und &#8230; ok .. Festhalten!<\/p>\n<p>20. September &#8211; 21. Oktober <a title=\"THEATER AM HECHTPLATZ Z\u00dcRICH\" href=\"http:\/\/www.theaterhechtplatz.ch\/produktionen\/second-hand-orchestra\/\" target=\"_blank\"><strong>THEATER AM HECHTPLATZ Z\u00dcRICH<\/strong><\/a><br \/>\n25. Oktober &#8211; 28. Oktober\u00a0<strong><a title=\"KLEINTHEATER LUZERN\" href=\"http:\/\/www.kleintheater.ch\/spielplan\" target=\"_blank\">KLEINTHEATER LUZERN<\/a><\/strong><br \/>\n1. November &#8211; 4. November<strong> <a title=\"KELLERB\u00dcHNE ST. GALLEN\" href=\"http:\/\/www.kellerbuehne.ch\/seiten\/spielplan.php?ID_Spielplan=17_3#Anker0\" target=\"_blank\">KELLERB\u00dcHNE ST. GALLEN<\/a><\/strong><\/p>\n<p><strong><a title=\"Secondhand Orchestra\" href=\"https:\/\/www.secondhandorchestra.ch\/\" target=\"_blank\">Secondhand Orchestra<br \/>\n<\/a><\/strong><a style=\"font-weight: 300;\" href=\"http:\/\/francoismuerner.ch\/wordpress\/wp-content\/uploads\/2017\/06\/Sgt.-Pepper-Logo.jpg\"><img loading=\"lazy\" decoding=\"async\" class=\"alignnone size-medium wp-image-1784\" alt=\"Sgt. Pepper Logo\" src=\"http:\/\/francoismuerner.ch\/wordpress\/wp-content\/uploads\/2017\/06\/Sgt.-Pepper-Logo-300x208.jpg\" width=\"300\" height=\"208\" srcset=\"https:\/\/francoismuerner.ch\/wordpress\/wp-content\/uploads\/2017\/06\/Sgt.-Pepper-Logo-300x208.jpg 300w, https:\/\/francoismuerner.ch\/wordpress\/wp-content\/uploads\/2017\/06\/Sgt.-Pepper-Logo-432x300.jpg 432w, https:\/\/francoismuerner.ch\/wordpress\/wp-content\/uploads\/2017\/06\/Sgt.-Pepper-Logo.jpg 1015w\" sizes=\"auto, (max-width: 300px) 100vw, 300px\" \/><br \/>\n<\/a><span style=\"font-weight: 300;\"><strong style=\"color: inherit;\"><a style=\"font-weight: 300;\" href=\"http:\/\/francoismuerner.ch\/wordpress\/wp-content\/uploads\/2017\/06\/Sgt.-Pepper-Logo.jpg\">Sooooooooooooooooooooooo viel Talent (also die ersten vier) \ud83d\ude42<\/a><\/strong><\/span><span style=\"font-weight: 300; color: #000000;\"><strong style=\"color: inherit;\"><a style=\"font-weight: 300;\" href=\"http:\/\/francoismuerner.ch\/wordpress\/wp-content\/uploads\/2017\/06\/Sgt.-Pepper-Logo.jpg\"><br \/>\n<\/a><\/strong><\/span><strong><a title=\"Fr\u00f6lein Da Capo\" href=\"http:\/\/www.einfrauorchester.ch\/\" target=\"_blank\">Fr\u00f6lein Da Capo<\/a>\u00a0\/ <a title=\"Adrian Stern \" href=\"https:\/\/www.adrianstern.ch\/\" target=\"_blank\">Adrian Stern<\/a>\u00a0\/ <a title=\"Roman Riklin\" href=\"http:\/\/romanriklin.com\/\" target=\"_blank\">Roman Riklin <\/a>\/ <a title=\"Daniel Schaub\" href=\"https:\/\/www.heinzdespecht.ch\/\" target=\"_blank\">Daniel Schaub<\/a> \/ <a title=\"und ich \" href=\"http:\/\/francoismuerner.ch\/?page_id=909\" target=\"_blank\">und ich<\/a><\/strong><\/p>\n<p>&nbsp;<\/p>\n","protected":false},"excerpt":{"rendered":"<p>Das Jahrhundertalbum Sgt. Pepper\u00a0diesen Herbst total anders erleben. Eine Performance die unter die Haut geht, v\u00f6llig neu .. in unserer Sprache .. mit viel Liebe zum Detail und Nuancen \u00fcbersetzt &#8230; und &#8230;. erg\u00e4nzt &#8230; und &#8230; ok .. Festhalten! 20. September &#8211; 21. Oktober THEATER AM HECHTPLATZ Z\u00dcRICH 25. Oktober &#8211; 28. Oktober\u00a0KLEINTHEATER LUZERN 1. November &#8211; 4. November KELLERB\u00dcHNE ST. GALLEN Secondhand Orchestra Sooooooooooooooooooooooo viel Talent (also die ersten vier) \ud83d\ude42 Fr\u00f6lein Da Capo\u00a0\/ Adrian Stern\u00a0\/ Roman Riklin \/ Daniel Schaub \/ und ich &nbsp;<\/p>\n","protected":false},"author":1,"featured_media":0,"comment_status":"closed","ping_status":"closed","sticky":false,"template":"","format":"standard","meta":{"ngg_post_thumbnail":0,"footnotes":""},"categories":[1],"tags":[],"class_list":["post-1785","post","type-post","status-publish","format-standard","hentry","category-uncategorized"],"_links":{"self":[{"href":"https:\/\/francoismuerner.ch\/index.php?rest_route=\/wp\/v2\/posts\/1785","targetHints":{"allow":["GET"]}}],"collection":[{"href":"https:\/\/francoismuerner.ch\/index.php?rest_route=\/wp\/v2\/posts"}],"about":[{"href":"https:\/\/francoismuerner.ch\/index.php?rest_route=\/wp\/v2\/types\/post"}],"author":[{"embeddable":true,"href":"https:\/\/francoismuerner.ch\/index.php?rest_route=\/wp\/v2\/users\/1"}],"replies":[{"embeddable":true,"href":"https:\/\/francoismuerner.ch\/index.php?rest_route=%2Fwp%2Fv2%2Fcomments&post=1785"}],"version-history":[{"count":9,"href":"https:\/\/francoismuerner.ch\/index.php?rest_route=\/wp\/v2\/posts\/1785\/revisions"}],"predecessor-version":[{"id":1787,"href":"https:\/\/francoismuerner.ch\/index.php?rest_route=\/wp\/v2\/posts\/1785\/revisions\/1787"}],"wp:attachment":[{"href":"https:\/\/francoismuerner.ch\/index.php?rest_route=%2Fwp%2Fv2%2Fmedia&parent=1785"}],"wp:term":[{"taxonomy":"category","embeddable":true,"href":"https:\/\/francoismuerner.ch\/index.php?rest_route=%2Fwp%2Fv2%2Fcategories&post=1785"},{"taxonomy":"post_tag","embeddable":true,"href":"https:\/\/francoismuerner.ch\/index.php?rest_route=%2Fwp%2Fv2%2Ftags&post=1785"}],"curies":[{"name":"wp","href":"https:\/\/api.w.org\/{rel}","templated":true}]}}