{"id":1082,"date":"2013-10-20T10:00:08","date_gmt":"2013-10-20T09:00:08","guid":{"rendered":"http:\/\/francoismuerner.ch\/?p=1082"},"modified":"2013-11-26T18:28:42","modified_gmt":"2013-11-26T17:28:42","slug":"30-jahre-wow","status":"publish","type":"post","link":"https:\/\/francoismuerner.ch\/?p=1082","title":{"rendered":"30 Jahre &#8211; Wow!"},"content":{"rendered":"<p>30 Jahre <strong>SRF3<\/strong> und<strong> Lokalradios<\/strong>! Eine gute Gelegenheit f\u00fcr ein Rauchzeichen.<strong>\u00a0Hallo!<\/strong><\/p>\n<p>Die brillanten Leute von <a title=\"Audiovisuelle Kulturg\u00fcter erhalten\" href=\"http:\/\/www.memoriav.ch\" target=\"_blank\"><strong>memoriav.ch<\/strong><\/a> \u2013 die wertvolle audiovisuelle Kulturg\u00fcter erhalten &#8211; haben mich gebeten eine <b>Sendung<\/b> <b>\u00fcber die verr\u00fcckte Zeit vor und nach <\/b><b>SRF3<\/b> zu produzieren, aus meiner ganz pers\u00f6nlichen Sicht. Aber gerne! (<strong><a href=\"http:\/\/francoismuerner.ch\/wordpress\/wp-content\/uploads\/2013\/11\/SRF30-Collage-FM-Sounds-aus-den-Anfangszeiten.mp3\">Teaser<\/a><\/strong>) Viel ist passiert nach 1983. Was die meisten \u00fcbersehen, die Wurzeln f\u00fcr all diesen Power reichen tief, tief in die 60ger und 70ger. <strong>Remember Sex, Drugs &amp; Rock\u2019n\u2019Roll?<\/strong><\/p>\n<p><span style=\"color: #ff0000;\"><span style=\"color: #000000;\">4 KAPITEL<\/span> <strong>RADIOGESCHICHTE \u00a0 \u00a0 &gt;&gt;&gt;<\/strong><\/span><span style=\"color: #008000;\"><strong>\u00a0<a title=\"memoriav.ch  Audiovisuelle Kulturg\u00fcter erhalten \" href=\"http:\/\/www.memoriav.ch\/fm_erinnert_sich\" target=\"_blank\">zum als mp3s runterladen<\/a>\u00a0! <span style=\"color: #ff0000;\">&lt;&lt;&lt;<span style=\"color: #888888;\"> .<\/span><\/span><\/strong><\/span><span style=\"color: #008000;\"><strong><br \/>\n<\/strong><\/span><\/p>\n<p><a title=\"ON AIR 30 Jahre Lokalradios in der Schweiz\" href=\"http:\/\/www.merianverlag.ch\/buecher\/detail.cfm?ObjectID=96998080-0B33-581B-0851FD97EC8B6E8C\" target=\"_blank\"><img loading=\"lazy\" decoding=\"async\" class=\"wp-image-1087 alignleft\" alt=\"on air pic\" src=\"http:\/\/francoismuerner.ch\/wordpress\/wp-content\/uploads\/2013\/10\/on-air-pic-232x300.jpg\" width=\"57\" height=\"74\" srcset=\"https:\/\/francoismuerner.ch\/wordpress\/wp-content\/uploads\/2013\/10\/on-air-pic-232x300.jpg 232w, https:\/\/francoismuerner.ch\/wordpress\/wp-content\/uploads\/2013\/10\/on-air-pic.jpg 442w\" sizes=\"auto, (max-width: 57px) 100vw, 57px\" \/><\/a>Dann gibt es ein <b>Buch \u00fcber 30 Jahre Lokalradio<\/b>. Da habe ich auch einen kleinen Beitrag geleistet. Liebe Lokalradio-Freunde, mein Rat im Kapitel von und mit mir kommt nicht von oben herab. Maximum Respect f\u00fcr eure nicht einfache B\u00fcez! Link:<strong>\u00a0<a title=\"Link: Buch on air\" href=\"http:\/\/www.merianverlag.ch\/buecher\/detail.cfm?ObjectID=96998080-0B33-581B-0851FD97EC8B6E8C\" target=\"_blank\">Buch: On Air<\/a><\/strong><\/p>\n<p><a title=\"glanz+gloria \/ Ausgabe 20. Oktober 2013\" href=\"http:\/\/www.srf.ch\/sendungen\/glanz-und-gloria\" target=\"_blank\"><img loading=\"lazy\" decoding=\"async\" class=\"wp-image-1125 alignright\" alt=\"131020 Glanz und Gloria 2_klein\" src=\"http:\/\/francoismuerner.ch\/wordpress\/wp-content\/uploads\/2013\/10\/131020-Glanz-und-Gloria-2_klein-300x223.jpg\" width=\"99\" height=\"75\" srcset=\"https:\/\/francoismuerner.ch\/wordpress\/wp-content\/uploads\/2013\/10\/131020-Glanz-und-Gloria-2_klein-300x223.jpg 300w, https:\/\/francoismuerner.ch\/wordpress\/wp-content\/uploads\/2013\/10\/131020-Glanz-und-Gloria-2_klein-1024x764.jpg 1024w, https:\/\/francoismuerner.ch\/wordpress\/wp-content\/uploads\/2013\/10\/131020-Glanz-und-Gloria-2_klein-401x300.jpg 401w, https:\/\/francoismuerner.ch\/wordpress\/wp-content\/uploads\/2013\/10\/131020-Glanz-und-Gloria-2_klein.jpg 1037w\" sizes=\"auto, (max-width: 99px) 100vw, 99px\" \/><\/a>Zusammen mit Kathrin H\u00f6negger war ich im <strong><a title=\"glanz+gloria\" href=\"http:\/\/www.srf.ch\/sendungen\/glanz-und-gloria\" target=\"_blank\">glanz+gloria weekend<\/a>\u00a0<\/strong>(Ausgabe 20. Oktober)<strong>\u00a0<\/strong><em id=\"__mceDel\">.<\/em>DIE ultimative\u00a0<strong>Cervelat-C-P<\/strong><strong>romi-Taufe<\/strong>!<\/p>\n<p>Frisch ab Presse hat es <strong>neue Tondokumente auf dieser Homepage<\/strong>. Zeugs aus einer lang verflossenen Zeit. U.a. unter<strong> <a title=\"High- und Lowlights\" href=\"http:\/\/francoismuerner.ch\/?page_id=1013\">High- und Lowlights<\/a><\/strong>. Sind wohl alles Lowlights \u2026.<\/p>\n<p><a title=\"30 Jahre SRF 3\" href=\"http:\/\/www.srf.ch\/radio-srf-3\/highlights\/30-jahre-srf-3\" target=\"_blank\"><img loading=\"lazy\" decoding=\"async\" class=\"wp-image-1090 alignleft\" alt=\"30 Jahre SRF3\" src=\"http:\/\/francoismuerner.ch\/wordpress\/wp-content\/uploads\/2013\/10\/30-Jahre-SRF3.jpg\" width=\"69\" height=\"87\" \/><\/a>Und sonst? Freue ich mich auf das <b>Treffen mit vielen SRF3 H\u00f6rer und H\u00f6rerinnen <\/b>am 1.November in Z\u00fcrich.<\/p>\n<p>I\u2019m a passanger, and I ride and I ride.<\/p>\n<p>Herzlich. FM<\/p>\n","protected":false},"excerpt":{"rendered":"<p>30 Jahre SRF3 und Lokalradios! Eine gute Gelegenheit f\u00fcr ein Rauchzeichen.\u00a0Hallo! Die brillanten Leute von memoriav.ch \u2013 die wertvolle audiovisuelle Kulturg\u00fcter erhalten &#8211; haben mich gebeten eine Sendung \u00fcber die verr\u00fcckte Zeit vor und nach SRF3 zu produzieren, aus meiner ganz pers\u00f6nlichen Sicht. Aber gerne! (Teaser) Viel ist passiert nach 1983. Was die meisten \u00fcbersehen, die Wurzeln f\u00fcr all diesen Power reichen tief, tief in die 60ger und 70ger. Remember Sex, Drugs &amp; Rock\u2019n\u2019Roll? 4 KAPITEL RADIOGESCHICHTE \u00a0 \u00a0 &gt;&gt;&gt;\u00a0zum als mp3s runterladen\u00a0! &lt;&lt;&lt; . Dann gibt es ein Buch \u00fcber 30 Jahre Lokalradio. Da habe ich auch einen kleinen Beitrag geleistet. Liebe Lokalradio-Freunde, mein Rat im Kapitel von und &hellip; <a href=\"https:\/\/francoismuerner.ch\/?p=1082\">Continue reading <span class=\"meta-nav\">&rarr;<\/span><\/a><\/p>\n","protected":false},"author":1,"featured_media":0,"comment_status":"closed","ping_status":"closed","sticky":false,"template":"","format":"standard","meta":{"ngg_post_thumbnail":0,"footnotes":""},"categories":[1],"tags":[],"class_list":["post-1082","post","type-post","status-publish","format-standard","hentry","category-uncategorized"],"_links":{"self":[{"href":"https:\/\/francoismuerner.ch\/index.php?rest_route=\/wp\/v2\/posts\/1082","targetHints":{"allow":["GET"]}}],"collection":[{"href":"https:\/\/francoismuerner.ch\/index.php?rest_route=\/wp\/v2\/posts"}],"about":[{"href":"https:\/\/francoismuerner.ch\/index.php?rest_route=\/wp\/v2\/types\/post"}],"author":[{"embeddable":true,"href":"https:\/\/francoismuerner.ch\/index.php?rest_route=\/wp\/v2\/users\/1"}],"replies":[{"embeddable":true,"href":"https:\/\/francoismuerner.ch\/index.php?rest_route=%2Fwp%2Fv2%2Fcomments&post=1082"}],"version-history":[{"count":86,"href":"https:\/\/francoismuerner.ch\/index.php?rest_route=\/wp\/v2\/posts\/1082\/revisions"}],"predecessor-version":[{"id":1117,"href":"https:\/\/francoismuerner.ch\/index.php?rest_route=\/wp\/v2\/posts\/1082\/revisions\/1117"}],"wp:attachment":[{"href":"https:\/\/francoismuerner.ch\/index.php?rest_route=%2Fwp%2Fv2%2Fmedia&parent=1082"}],"wp:term":[{"taxonomy":"category","embeddable":true,"href":"https:\/\/francoismuerner.ch\/index.php?rest_route=%2Fwp%2Fv2%2Fcategories&post=1082"},{"taxonomy":"post_tag","embeddable":true,"href":"https:\/\/francoismuerner.ch\/index.php?rest_route=%2Fwp%2Fv2%2Ftags&post=1082"}],"curies":[{"name":"wp","href":"https:\/\/api.w.org\/{rel}","templated":true}]}}